{"id":70,"date":"2024-01-24T09:00:29","date_gmt":"2024-01-24T08:00:29","guid":{"rendered":"http:\/\/www.diocesigorizia.it\/caritas\/?p=70"},"modified":"2025-08-28T08:54:33","modified_gmt":"2025-08-28T06:54:33","slug":"donazioni","status":"publish","type":"post","link":"https:\/\/www.diocesigorizia.it\/caritas\/donazioni\/","title":{"rendered":"Donazioni"},"content":{"rendered":"<h4 style=\"text-align: center;\"><strong>SCOPRI TUTTI I PROGETTI PER CUI PUOI DONARE<\/strong><\/h4>\n<p style=\"text-align: left;\"><strong><br \/>\n<\/strong>A coloro che si fidano della Caritas Diocesana di Gorizia e consegnano ad essa un&#8217;offerta in atteggiamento di condivisione verso le tante povert\u00e0 della nostra Diocesi e del mondo, l&#8217;augurio di fare il passaggio dalla beneficenza alla condivisione.<\/p>\n<p><strong>Progetti in evidenza <\/strong>(cliccando sul titolo si apre pagina con descrizione dettagliata):<\/p>\n<p><a href=\"https:\/\/www.diocesigorizia.it\/caritas\/turchia-e-siria-situazione-drammatica\/\" target=\"_blank\" rel=\"noopener\"><img loading=\"lazy\" decoding=\"async\" class=\"wp-image-1379 alignnone\" src=\"http:\/\/www.diocesigorizia.it\/caritas\/wp-content\/uploads\/sites\/2\/2021\/11\/dito-e1678361097862-300x190.jpg\" alt=\"\" width=\"28\" height=\"18\" srcset=\"https:\/\/www.diocesigorizia.it\/caritas\/wp-content\/uploads\/sites\/2\/2021\/11\/dito-e1678361097862-300x190.jpg 300w, https:\/\/www.diocesigorizia.it\/caritas\/wp-content\/uploads\/sites\/2\/2021\/11\/dito-e1678361097862-272x182.jpg 272w, https:\/\/www.diocesigorizia.it\/caritas\/wp-content\/uploads\/sites\/2\/2021\/11\/dito-e1678361097862.jpg 441w\" sizes=\"(max-width: 28px) 100vw, 28px\" \/><\/a><a href=\"http:\/\/www.diocesigorizia.it\/caritas\/centri-di-ascolto\/\" target=\"_blank\" rel=\"noopener\"><strong> Poveri sul territorio<\/strong><\/a>: Sostentamento tramite la rete dei Centri di Ascolto presenti nel territorio diocesano delle famiglie o dei singoli in difficolt\u00e0 aiutando a pagare ad esempio affitto, bollette\u2026<br \/>\n<a href=\"https:\/\/www.diocesigorizia.it\/caritas\/turchia-e-siria-situazione-drammatica\/\" target=\"_blank\" rel=\"noopener\"><img loading=\"lazy\" decoding=\"async\" class=\"wp-image-1379 alignnone\" src=\"http:\/\/www.diocesigorizia.it\/caritas\/wp-content\/uploads\/sites\/2\/2021\/11\/dito-e1678361097862-300x190.jpg\" alt=\"\" width=\"28\" height=\"18\" srcset=\"https:\/\/www.diocesigorizia.it\/caritas\/wp-content\/uploads\/sites\/2\/2021\/11\/dito-e1678361097862-300x190.jpg 300w, https:\/\/www.diocesigorizia.it\/caritas\/wp-content\/uploads\/sites\/2\/2021\/11\/dito-e1678361097862-272x182.jpg 272w, https:\/\/www.diocesigorizia.it\/caritas\/wp-content\/uploads\/sites\/2\/2021\/11\/dito-e1678361097862.jpg 441w\" sizes=\"(max-width: 28px) 100vw, 28px\" \/><\/a><a href=\"http:\/\/www.diocesigorizia.it\/caritas\/emporio-della-solidarieta\/\" target=\"_blank\" rel=\"noopener\"><strong> Empori della Solidariet\u00e0<\/strong><\/a><br \/>\n<a href=\"https:\/\/www.diocesigorizia.it\/caritas\/turchia-e-siria-situazione-drammatica\/\" target=\"_blank\" rel=\"noopener\"><img loading=\"lazy\" decoding=\"async\" class=\"wp-image-1379 alignnone\" src=\"http:\/\/www.diocesigorizia.it\/caritas\/wp-content\/uploads\/sites\/2\/2021\/11\/dito-e1678361097862-300x190.jpg\" alt=\"\" width=\"28\" height=\"18\" srcset=\"https:\/\/www.diocesigorizia.it\/caritas\/wp-content\/uploads\/sites\/2\/2021\/11\/dito-e1678361097862-300x190.jpg 300w, https:\/\/www.diocesigorizia.it\/caritas\/wp-content\/uploads\/sites\/2\/2021\/11\/dito-e1678361097862-272x182.jpg 272w, https:\/\/www.diocesigorizia.it\/caritas\/wp-content\/uploads\/sites\/2\/2021\/11\/dito-e1678361097862.jpg 441w\" sizes=\"(max-width: 28px) 100vw, 28px\" \/><\/a><a href=\"http:\/\/www.diocesigorizia.it\/caritas\/emporio-dellinfanzia\/\"><strong> Emporio dell&#8217;Infanzia<\/strong><\/a><br \/>\n<a href=\"https:\/\/www.diocesigorizia.it\/caritas\/turchia-e-siria-situazione-drammatica\/\" target=\"_blank\" rel=\"noopener\"><img loading=\"lazy\" decoding=\"async\" class=\"wp-image-1379 alignnone\" src=\"http:\/\/www.diocesigorizia.it\/caritas\/wp-content\/uploads\/sites\/2\/2021\/11\/dito-e1678361097862-300x190.jpg\" alt=\"\" width=\"28\" height=\"18\" srcset=\"https:\/\/www.diocesigorizia.it\/caritas\/wp-content\/uploads\/sites\/2\/2021\/11\/dito-e1678361097862-300x190.jpg 300w, https:\/\/www.diocesigorizia.it\/caritas\/wp-content\/uploads\/sites\/2\/2021\/11\/dito-e1678361097862-272x182.jpg 272w, https:\/\/www.diocesigorizia.it\/caritas\/wp-content\/uploads\/sites\/2\/2021\/11\/dito-e1678361097862.jpg 441w\" sizes=\"(max-width: 28px) 100vw, 28px\" \/><\/a><a href=\"https:\/\/www.diocesigorizia.it\/caritas\/progetto-carcere\/\" target=\"_blank\" rel=\"noopener\"><strong> Carcere<\/strong><\/a><br \/>\n<a href=\"https:\/\/www.diocesigorizia.it\/caritas\/turchia-e-siria-situazione-drammatica\/\" target=\"_blank\" rel=\"noopener\"><img loading=\"lazy\" decoding=\"async\" class=\"wp-image-1379 alignnone\" src=\"http:\/\/www.diocesigorizia.it\/caritas\/wp-content\/uploads\/sites\/2\/2021\/11\/dito-e1678361097862-300x190.jpg\" alt=\"\" width=\"28\" height=\"18\" srcset=\"https:\/\/www.diocesigorizia.it\/caritas\/wp-content\/uploads\/sites\/2\/2021\/11\/dito-e1678361097862-300x190.jpg 300w, https:\/\/www.diocesigorizia.it\/caritas\/wp-content\/uploads\/sites\/2\/2021\/11\/dito-e1678361097862-272x182.jpg 272w, https:\/\/www.diocesigorizia.it\/caritas\/wp-content\/uploads\/sites\/2\/2021\/11\/dito-e1678361097862.jpg 441w\" sizes=\"(max-width: 28px) 100vw, 28px\" \/><\/a><a href=\"http:\/\/www.diocesigorizia.it\/caritas\/fondo-famiglie-in-salita\/\" target=\"_blank\" rel=\"noopener\"><strong> Famiglie in salita<\/strong><\/a><br \/>\n<a href=\"https:\/\/www.diocesigorizia.it\/caritas\/turchia-e-siria-situazione-drammatica\/\" target=\"_blank\" rel=\"noopener\"><img loading=\"lazy\" decoding=\"async\" class=\"wp-image-1379 alignnone\" src=\"http:\/\/www.diocesigorizia.it\/caritas\/wp-content\/uploads\/sites\/2\/2021\/11\/dito-e1678361097862-300x190.jpg\" alt=\"\" width=\"28\" height=\"18\" srcset=\"https:\/\/www.diocesigorizia.it\/caritas\/wp-content\/uploads\/sites\/2\/2021\/11\/dito-e1678361097862-300x190.jpg 300w, https:\/\/www.diocesigorizia.it\/caritas\/wp-content\/uploads\/sites\/2\/2021\/11\/dito-e1678361097862-272x182.jpg 272w, https:\/\/www.diocesigorizia.it\/caritas\/wp-content\/uploads\/sites\/2\/2021\/11\/dito-e1678361097862.jpg 441w\" sizes=\"(max-width: 28px) 100vw, 28px\" \/><\/a><a href=\"http:\/\/www.diocesigorizia.it\/caritas\/dormitori\/\" target=\"_blank\" rel=\"noopener\"><strong> Dormitori<\/strong><\/a><br \/>\n<a href=\"https:\/\/www.diocesigorizia.it\/caritas\/turchia-e-siria-situazione-drammatica\/\" target=\"_blank\" rel=\"noopener\"><img loading=\"lazy\" decoding=\"async\" class=\"wp-image-1379 alignnone\" src=\"http:\/\/www.diocesigorizia.it\/caritas\/wp-content\/uploads\/sites\/2\/2021\/11\/dito-e1678361097862-300x190.jpg\" alt=\"\" width=\"28\" height=\"18\" srcset=\"https:\/\/www.diocesigorizia.it\/caritas\/wp-content\/uploads\/sites\/2\/2021\/11\/dito-e1678361097862-300x190.jpg 300w, https:\/\/www.diocesigorizia.it\/caritas\/wp-content\/uploads\/sites\/2\/2021\/11\/dito-e1678361097862-272x182.jpg 272w, https:\/\/www.diocesigorizia.it\/caritas\/wp-content\/uploads\/sites\/2\/2021\/11\/dito-e1678361097862.jpg 441w\" sizes=\"(max-width: 28px) 100vw, 28px\" \/><\/a> <a href=\"http:\/\/www.diocesigorizia.it\/caritas\/?p=1789&amp;preview=true\"><strong>Cooperazione internazionale: Macedonia<\/strong><\/a><\/p>\n<p>Se desideri sostenere uno dei progetti qui sopra potrai farlo tramite <strong>BONIFICO BANCARIO <\/strong>intestato a<br \/>\n<strong>ARCIDIOCESI DI GORIZIA \u2013 CARIT\u00c0 DIOCESANA DI GORIZIA ONLUS<\/strong><strong><br \/>\n<\/strong>Cassa Rurale FVG filiale di San Rocco Gorizia<br \/>\nEU IBAN IT15 o086 2212 4010 0400 0323 364<br \/>\n<strong> Causale<\/strong>:\u00a0 inserire il nome del progetto in evidenza<\/p>\n<p>Per i versamenti tramite <strong>conto corrente postale<br \/>\n<\/strong>cc postale n. 10289494 intestato a <strong>ARCIDIOCESI DI GORIZIA \u2013 CARIT\u00c0 DIOCESANA DI GORIZIA ONLUS<\/strong><br \/>\n<strong>Causale<\/strong>: Inserire il nome del progetto in evidenza<\/p>\n<h5 style=\"text-align: center;\"><strong>DONAZIONI CONTINUATIVE<\/strong><\/h5>\n<p>Scegli di sostenere i progetti di Caritas in modo continuativo con una donazione mensile. La tua generosit\u00e0 ci permetter\u00e0 di programmare meglio i nostri interventi sapendo di poter contare su un flusso di entrate definito e ci aiuter\u00e0 a sviluppare progetti a lungo termine in grado di contrastare pi\u00f9 efficacemente la povert\u00e0.<\/p>\n<p>Per fare una donazione continuativa con<strong> bonifico bancario <\/strong>potrai scegliere se donare a un progetto specifico o fidarti di Caritas mettendo la tua offerta a disposizione dei progetti pi\u00f9 urgenti e necessari che saranno selezionati da noi in base alle necessit\u00e0 contingenti.<\/p>\n<p>Per effettuare una donazione continuativa con bonifico bancario potrai recarti presso la filiale della tua banca disponendo un bonifico continuativo decidendo l&#8217;importo da devolvere mensilmente a favore diutilizzando Cassa Rurale FVG filiale di San Rocco Gorizia<br \/>\nEU IBAN IT15 o086 2212 4010 0400 0323 364<\/p>\n<p><strong> Causale<\/strong>: Donazione continuativa Progetti Caritas oppure riportare una delle donazioni scelte qui sotto<\/p>\n<p><img loading=\"lazy\" decoding=\"async\" class=\"wp-image-1386 alignleft\" src=\"http:\/\/www.diocesigorizia.it\/caritas\/wp-content\/uploads\/sites\/2\/2021\/11\/cuore.jpg\" alt=\"\" width=\"56\" height=\"41\" srcset=\"https:\/\/www.diocesigorizia.it\/caritas\/wp-content\/uploads\/sites\/2\/2021\/11\/cuore.jpg 1840w, https:\/\/www.diocesigorizia.it\/caritas\/wp-content\/uploads\/sites\/2\/2021\/11\/cuore-300x218.jpg 300w, https:\/\/www.diocesigorizia.it\/caritas\/wp-content\/uploads\/sites\/2\/2021\/11\/cuore-1024x744.jpg 1024w, https:\/\/www.diocesigorizia.it\/caritas\/wp-content\/uploads\/sites\/2\/2021\/11\/cuore-768x558.jpg 768w, https:\/\/www.diocesigorizia.it\/caritas\/wp-content\/uploads\/sites\/2\/2021\/11\/cuore-1536x1115.jpg 1536w, https:\/\/www.diocesigorizia.it\/caritas\/wp-content\/uploads\/sites\/2\/2021\/11\/cuore-600x436.jpg 600w, https:\/\/www.diocesigorizia.it\/caritas\/wp-content\/uploads\/sites\/2\/2021\/11\/cuore-1200x871.jpg 1200w, https:\/\/www.diocesigorizia.it\/caritas\/wp-content\/uploads\/sites\/2\/2021\/11\/cuore-800x581.jpg 800w\" sizes=\"(max-width: 56px) 100vw, 56px\" \/><\/p>\n<p><strong>DONAZIONE CONTINUATIVA MENSILE PER PAGAMENTO BOLLETTE LUCE E GAS<br \/>\n<\/strong>I fondi raccolti serviranno a pagare le bollette della luce e del gas delle famiglie in difficolt\u00e0 a causa degli aumenti dei prezzi che si rivolgono al Centro di Ascolto<\/p>\n<p>&nbsp;<\/p>\n<p><img loading=\"lazy\" decoding=\"async\" class=\"wp-image-1386 alignleft\" src=\"http:\/\/www.diocesigorizia.it\/caritas\/wp-content\/uploads\/sites\/2\/2021\/11\/cuore.jpg\" alt=\"\" width=\"56\" height=\"41\" srcset=\"https:\/\/www.diocesigorizia.it\/caritas\/wp-content\/uploads\/sites\/2\/2021\/11\/cuore.jpg 1840w, https:\/\/www.diocesigorizia.it\/caritas\/wp-content\/uploads\/sites\/2\/2021\/11\/cuore-300x218.jpg 300w, https:\/\/www.diocesigorizia.it\/caritas\/wp-content\/uploads\/sites\/2\/2021\/11\/cuore-1024x744.jpg 1024w, https:\/\/www.diocesigorizia.it\/caritas\/wp-content\/uploads\/sites\/2\/2021\/11\/cuore-768x558.jpg 768w, https:\/\/www.diocesigorizia.it\/caritas\/wp-content\/uploads\/sites\/2\/2021\/11\/cuore-1536x1115.jpg 1536w, https:\/\/www.diocesigorizia.it\/caritas\/wp-content\/uploads\/sites\/2\/2021\/11\/cuore-600x436.jpg 600w, https:\/\/www.diocesigorizia.it\/caritas\/wp-content\/uploads\/sites\/2\/2021\/11\/cuore-1200x871.jpg 1200w, https:\/\/www.diocesigorizia.it\/caritas\/wp-content\/uploads\/sites\/2\/2021\/11\/cuore-800x581.jpg 800w\" sizes=\"(max-width: 56px) 100vw, 56px\" \/><\/p>\n<p><strong>DONAZIONE CONTINUATIVA MENSILE PROG. CARCERE<br \/>\n<\/strong>I fondi saranno utilizzati per offrire un contributo per l&#8217;accoglienza in appartamento di persone che stanno terminando il periodo di detenzione e potranno cos\u00ec ripartire e raggiungere l\u2019autonomia personale.<\/p>\n<p>&nbsp;<\/p>\n<p><img loading=\"lazy\" decoding=\"async\" class=\"wp-image-1386 alignleft\" src=\"http:\/\/www.diocesigorizia.it\/caritas\/wp-content\/uploads\/sites\/2\/2021\/11\/cuore.jpg\" alt=\"\" width=\"56\" height=\"41\" srcset=\"https:\/\/www.diocesigorizia.it\/caritas\/wp-content\/uploads\/sites\/2\/2021\/11\/cuore.jpg 1840w, https:\/\/www.diocesigorizia.it\/caritas\/wp-content\/uploads\/sites\/2\/2021\/11\/cuore-300x218.jpg 300w, https:\/\/www.diocesigorizia.it\/caritas\/wp-content\/uploads\/sites\/2\/2021\/11\/cuore-1024x744.jpg 1024w, https:\/\/www.diocesigorizia.it\/caritas\/wp-content\/uploads\/sites\/2\/2021\/11\/cuore-768x558.jpg 768w, https:\/\/www.diocesigorizia.it\/caritas\/wp-content\/uploads\/sites\/2\/2021\/11\/cuore-1536x1115.jpg 1536w, https:\/\/www.diocesigorizia.it\/caritas\/wp-content\/uploads\/sites\/2\/2021\/11\/cuore-600x436.jpg 600w, https:\/\/www.diocesigorizia.it\/caritas\/wp-content\/uploads\/sites\/2\/2021\/11\/cuore-1200x871.jpg 1200w, https:\/\/www.diocesigorizia.it\/caritas\/wp-content\/uploads\/sites\/2\/2021\/11\/cuore-800x581.jpg 800w\" sizes=\"(max-width: 56px) 100vw, 56px\" \/><\/p>\n<p><strong>DONAZIONE CONTINUATIVA MENSILE EMPORI DELLA SOLIDARIET\u00c0<br \/>\n<\/strong>I fondi saranno utilizzati per offrire alle famiglie in difficolt\u00e0 la possibilit\u00e0 di fare la spesa gratuitamente presso i nostri Empori della Solidariet\u00e0<\/p>\n<p>&nbsp;<\/p>\n<p><img loading=\"lazy\" decoding=\"async\" class=\"wp-image-1386 alignleft\" src=\"http:\/\/www.diocesigorizia.it\/caritas\/wp-content\/uploads\/sites\/2\/2021\/11\/cuore.jpg\" alt=\"\" width=\"56\" height=\"41\" srcset=\"https:\/\/www.diocesigorizia.it\/caritas\/wp-content\/uploads\/sites\/2\/2021\/11\/cuore.jpg 1840w, https:\/\/www.diocesigorizia.it\/caritas\/wp-content\/uploads\/sites\/2\/2021\/11\/cuore-300x218.jpg 300w, https:\/\/www.diocesigorizia.it\/caritas\/wp-content\/uploads\/sites\/2\/2021\/11\/cuore-1024x744.jpg 1024w, https:\/\/www.diocesigorizia.it\/caritas\/wp-content\/uploads\/sites\/2\/2021\/11\/cuore-768x558.jpg 768w, https:\/\/www.diocesigorizia.it\/caritas\/wp-content\/uploads\/sites\/2\/2021\/11\/cuore-1536x1115.jpg 1536w, https:\/\/www.diocesigorizia.it\/caritas\/wp-content\/uploads\/sites\/2\/2021\/11\/cuore-600x436.jpg 600w, https:\/\/www.diocesigorizia.it\/caritas\/wp-content\/uploads\/sites\/2\/2021\/11\/cuore-1200x871.jpg 1200w, https:\/\/www.diocesigorizia.it\/caritas\/wp-content\/uploads\/sites\/2\/2021\/11\/cuore-800x581.jpg 800w\" sizes=\"(max-width: 56px) 100vw, 56px\" \/><\/p>\n<p><strong>DONAZIONE CONTINUATIVA FONDO FAMIGLIE IN SALITA<br \/>\n<\/strong>I fondi saranno utilizzati per coprire le spese di inserimento lavorativo per le persone che hanno perso il lavoro e vogliono ritrovare una occupazione<\/p>\n<p>&nbsp;<\/p>\n<h6 style=\"text-align: center;\"><strong>Come interrompere\/modificare una donazione continuativa<\/strong><\/h6>\n<p>Nel caso in cui avessi scelto di fare una donazione continuativa automatica con bonifico bancario dovrai rivolgerti alla tua banca.<br \/>\n<strong>Tali versamenti godono delle detrazioni e deduzioni previsti dalla legislazione <\/strong>(art. 15, comma 1, lettera i-bis del D.P.R. 917\/1986 e art. 100, comma 2, lettera h del D.P.R. 917\/1986)<br \/>\nSi ricorda che per beneficiare delle detrazioni fiscali e deduzioni previste dalla normativa si pu\u00f2 richiedere una dichiarazione nell\u2019anno successivo alla donazione (per le donazioni effettuate nel 2022 nell\u2019anno 2023) scrivendo ad amministrazione@caritasgorizia.it comunicando il proprio codice fiscale.<\/p>\n<h5 style=\"text-align: center;\"><strong>DESTINARE IL 5X1000<\/strong><\/h5>\n<p>\u00c8 possibile destinare il 5xmille Irpef a Caritas diocesana di Gorizia per progetti di solidariet\u00e0 in favore dei pi\u00f9 poveri e interventi di emergenza in diocesi.<\/p>\n<p>Nei diversi modelli di dichiarazione (Cud, 730, Unico) occorre:<\/p>\n<p>1. firmare nel riquadro &#8220;sostegno del volontariato, delle organizzazioni non lucrative di utilit\u00e0 sociale, delle associazioni di promozione sociale, delle associazioni e fondazioni&#8221; (il primo dei 4 appositamente previsti);<\/p>\n<p>2. indicare il codice fiscale di Caritas diocesana di Gorizia: <strong>91003490314<\/strong><\/p>\n<p>&nbsp;<\/p>\n<p>Per <strong>maggiori informazioni<\/strong> potete contattare l&#8217;ufficio amministrativo<\/p>\n<p><img loading=\"lazy\" decoding=\"async\" class=\"wp-image-532 alignleft\" src=\"http:\/\/www.diocesigorizia.it\/caritas\/wp-content\/uploads\/sites\/2\/2022\/01\/delega_contatti-300x274.jpg\" alt=\"\" width=\"67\" height=\"61\" srcset=\"https:\/\/www.diocesigorizia.it\/caritas\/wp-content\/uploads\/sites\/2\/2022\/01\/delega_contatti-300x274.jpg 300w, https:\/\/www.diocesigorizia.it\/caritas\/wp-content\/uploads\/sites\/2\/2022\/01\/delega_contatti-1024x935.jpg 1024w, https:\/\/www.diocesigorizia.it\/caritas\/wp-content\/uploads\/sites\/2\/2022\/01\/delega_contatti-768x701.jpg 768w, https:\/\/www.diocesigorizia.it\/caritas\/wp-content\/uploads\/sites\/2\/2022\/01\/delega_contatti-600x548.jpg 600w, https:\/\/www.diocesigorizia.it\/caritas\/wp-content\/uploads\/sites\/2\/2022\/01\/delega_contatti-1200x1096.jpg 1200w, https:\/\/www.diocesigorizia.it\/caritas\/wp-content\/uploads\/sites\/2\/2022\/01\/delega_contatti-800x731.jpg 800w, https:\/\/www.diocesigorizia.it\/caritas\/wp-content\/uploads\/sites\/2\/2022\/01\/delega_contatti.jpg 1233w\" sizes=\"(max-width: 67px) 100vw, 67px\" \/>0481 525188 int. 5 dalle ore 9.00 alle 13.00<\/p>\n<p>o scrivere a amministrativo@caritasgorizia.it<\/p>\n<p>&nbsp;<\/p>\n","protected":false},"excerpt":{"rendered":"<p>SCOPRI TUTTI I PROGETTI PER CUI PUOI DONARE A coloro che si fidano della Caritas Diocesana di Gorizia e consegnano ad essa un&#8217;offerta in atteggiamento di condivisione verso le tante povert\u00e0 della nostra Diocesi e del mondo, l&#8217;augurio di fare il passaggio dalla beneficenza alla condivisione. Progetti in evidenza (cliccando sul titolo si apre pagina con descrizione dettagliata): Poveri sul territorio: Sostentamento tramite la rete &hellip; <a href=\"https:\/\/www.diocesigorizia.it\/caritas\/donazioni\/\" class=\"more-link\">Continua a leggere <span class=\"screen-reader-text\"><\/span> <span class=\"meta-nav\">&raquo;<\/span><\/a><\/p>\n","protected":false},"author":0,"featured_media":146,"comment_status":"closed","ping_status":"closed","sticky":false,"template":"","format":"standard","meta":{"_acf_changed":false,"ip_address":"","user_agent":"","level":"","revision":"","cookie_id":"","page_referer":"","html_form":"","footnotes":""},"categories":[6],"tags":[78,77,43,79],"acf":[],"_links":{"self":[{"href":"https:\/\/www.diocesigorizia.it\/caritas\/wp-json\/wp\/v2\/posts\/70"}],"collection":[{"href":"https:\/\/www.diocesigorizia.it\/caritas\/wp-json\/wp\/v2\/posts"}],"about":[{"href":"https:\/\/www.diocesigorizia.it\/caritas\/wp-json\/wp\/v2\/types\/post"}],"author":[{"embeddable":true,"href":"https:\/\/www.diocesigorizia.it\/caritas\/wp-json\/wp\/v2\/users\/1"}],"replies":[{"embeddable":true,"href":"https:\/\/www.diocesigorizia.it\/caritas\/wp-json\/wp\/v2\/comments?post=70"}],"version-history":[{"count":24,"href":"https:\/\/www.diocesigorizia.it\/caritas\/wp-json\/wp\/v2\/posts\/70\/revisions"}],"predecessor-version":[{"id":3500,"href":"https:\/\/www.diocesigorizia.it\/caritas\/wp-json\/wp\/v2\/posts\/70\/revisions\/3500"}],"wp:featuredmedia":[{"embeddable":true,"href":"https:\/\/www.diocesigorizia.it\/caritas\/wp-json\/wp\/v2\/media\/146"}],"wp:attachment":[{"href":"https:\/\/www.diocesigorizia.it\/caritas\/wp-json\/wp\/v2\/media?parent=70"}],"wp:term":[{"taxonomy":"category","embeddable":true,"href":"https:\/\/www.diocesigorizia.it\/caritas\/wp-json\/wp\/v2\/categories?post=70"},{"taxonomy":"post_tag","embeddable":true,"href":"https:\/\/www.diocesigorizia.it\/caritas\/wp-json\/wp\/v2\/tags?post=70"}],"curies":[{"name":"wp","href":"https:\/\/api.w.org\/{rel}","templated":true}]}}