{"id":1534,"date":"2023-06-07T16:08:39","date_gmt":"2023-06-07T14:08:39","guid":{"rendered":"http:\/\/www.diocesigorizia.it\/caritas\/?p=1534"},"modified":"2023-06-07T16:09:23","modified_gmt":"2023-06-07T14:09:23","slug":"riuscita-festa-di-primavera","status":"publish","type":"post","link":"https:\/\/www.diocesigorizia.it\/caritas\/riuscita-festa-di-primavera\/","title":{"rendered":"Riuscita &#8220;Festa di Primavera&#8221;"},"content":{"rendered":"<p style=\"margin: -20px 0px 30px 0px\">A Gorizia, presso la parrocchia di San Giuseppe artigiano, si \u00e8 svolta la scorsa domenica 4 giugno la <strong>&#8220;Festa di Primavera&#8221;<\/strong>, un momento di ritrovo, di spensieratezza, di gioco, di scambio e condivisione tra le famiglie ucraine presenti sul territorio, ospiti nel sistema di protezione internazionale, e le famiglie italiane che qui vivono da sempre.<\/p>\n<p style=\"margin: -20px 0px 30px 0px\"><strong>Un momento di festa &#8211; promosso dalla Caritas diocesana di Gorizia, dalla Cooperativa sociale Murice e dalla Pastorale diocesana della Famiglia, con la preziosa collaborazione dei Salesiani di Gorizia e dei loro animatori &#8211; che ha visto una bellissima partecipazione tanto da parte delle famiglie ucraine (che si sono spese davvero &#8220;in grande stile&#8221; per l\u2019allestimento) che delle famiglie italiane, accorse con gioia all\u2019evento<\/strong>.<br \/>\nIl pomeriggio in compagnia si \u00e8 aperto con i saluti del diacono Renato Nucera, direttore di Caritas diocesana, il quale oltre a ringraziare tutti i presenti e gli organizzatori per l\u2019ottima idea e riuscita dell\u2019evento, ha anche augurato alle famiglie ucraine di poter tornare, se lo desidereranno, nel loro Paese, quando la Pace sar\u00e0 di nuovo presente.<\/p>\n<p style=\"margin: -20px 0px 30px 0px\">&#8220;Al momento accogliamo a Gorizia circa 70 persone, per lo pi\u00f9 famiglie mono genitoriali, quasi tutte arrivate dall\u2019Ucraina nella primavera del 2022 &#8211; ci ha spiegato Federica Ricci dell\u2019Area Immigrazione della Cooperativa Murice -. In poco pi\u00f9 di un anno di accoglienza gli ospiti hanno avuto modo di conoscere e comprendere sempre pi\u00f9 il funzionamento dei nostri sistemi, da quello scolastico a quello sanitario, e ora, con l\u2019iscrizione anagrafica, si stanno affacciando al sistema di Welfare. Gli uomini in accoglienza hanno tutti un lavoro, mentre le donne sono in cerca di occupazione, non facile da trovare per due motivi: la difficolt\u00e0 di far conciliare l\u2019accudimento dei figli con possibili orari di lavoro e la scarsa conoscenza della lingua italiana.<br \/>\nMolte di loro frequentano il Centro Provinciale Istruzione Adulti ma non riescono a praticare l\u2019italiano a sufficienza, rendendo il lavoro sull\u2019inserimento lavorativo difficoltoso&#8221;.<br \/>\nEcco quindi che proprio i momenti come la &#8220;Festa di Primavera&#8221; diventano un\u2019occasione di incontro importante anche per un &#8220;esercizio&#8221; di comunicazione: &#8220;il desiderio della Festa nasce infatti da un\u2019esigenza degli ospiti di praticare la nostra lingua, finora impossibile per molti a causa di una mancanza di relazioni amicali al di fuori del contesto di accoglienza &#8211; ha proseguito Ricci -. Sono molte le persone che programmavano un rientro imminente in Ucraina ma, col passare del tempo e l\u2019inasprimento della guerra, questa speranza \u00e8 diventata sempre pi\u00f9 vana e qualcuno ha gi\u00e0 abbandonato l\u2019idea di un rientro definitivo.<br \/>\n<strong>La Festa \u00e8 stata quindi un\u2019occasione per trovarsi e ritrovarsi, in un contesto spensierato dov\u2019\u00e8 stato possibile conoscersi attraverso la condivisione di una merenda e di giochi, sia per i grandi che per i piccini<\/strong>&#8220;.<br \/>\nNon solo, la Festa ha rappresentato anche un\u2019importante occasione per &#8220;chiedere nuovamente supporto alla comunit\u00e0, questa volta non pi\u00f9 dal punto di vista materiale ma di &#8220;tempo&#8221;, per ricreare, ove possibile, una rete di relazioni che possa supportare queste famiglie nel processo di integrazione nel nostro Paese&#8221;.<br \/>\nVista infatti la permanenza, purtroppo, pi\u00f9 lunga del previsto sul territorio italiano, essere inseriti in una rete amicale, imparare almeno in parte la lingua italiana e sapere di poter contare su una comunit\u00e0 accogliente sono punti fondamentali per una vita vissuta serenamente e rispettosamente.<br \/>\n&#8220;Il nostro lavoro consiste nel fornire tutti gli strumenti e le conoscenze utili per un percorso di vita nel nostro Paese &#8211; ha spiegato Ricci &#8211; e continueremo a farlo. Purtroppo, dal punto di vista burocratico non abbiamo notizie: ci\u00f2 che sappiamo \u00e8 che l\u2019emergenza scadr\u00e0 il 31 dicembre di quest\u2019anno e i documenti in loro possesso, per rimanere sul nostro territorio, hanno la medesima validit\u00e0. Quello che accadr\u00e0 dopo non lo sappiamo; continueremo certamente a supportarli nella loro autodeterminazione e se la comunit\u00e0 \u00e8 al nostro fianco il processo potrebbe diventare sicuramente pi\u00f9 efficace&#8221;.<\/p>\n\n\t\t<style type=\"text\/css\">\n\t\t\t#gallery-1 {\n\t\t\t\tmargin: auto;\n\t\t\t}\n\t\t\t#gallery-1 .gallery-item {\n\t\t\t\tfloat: left;\n\t\t\t\tmargin-top: 10px;\n\t\t\t\ttext-align: center;\n\t\t\t\twidth: 25%;\n\t\t\t}\n\t\t\t#gallery-1 img {\n\t\t\t\tborder: 2px solid #cfcfcf;\n\t\t\t}\n\t\t\t#gallery-1 .gallery-caption {\n\t\t\t\tmargin-left: 0;\n\t\t\t}\n\t\t\t\/* see gallery_shortcode() in wp-includes\/media.php *\/\n\t\t<\/style>\n\t\t<div id='gallery-1' class='gallery galleryid-1534 gallery-columns-4 gallery-size-medium'><dl class='gallery-item'>\n\t\t\t<dt class='gallery-icon landscape'>\n\t\t\t\t<a href='https:\/\/www.diocesigorizia.it\/caritas\/wp-content\/uploads\/sites\/2\/2023\/06\/IMG-20230605-WA0001.jpg' title=\"\" data-rl_title=\"\" class=\"rl-gallery-link\" data-rl_caption=\"\" data-rel=\"lightbox-gallery-1\"><img loading=\"lazy\" decoding=\"async\" width=\"300\" height=\"246\" src=\"https:\/\/www.diocesigorizia.it\/caritas\/wp-content\/uploads\/sites\/2\/2023\/06\/IMG-20230605-WA0001-300x246.jpg\" class=\"attachment-medium size-medium\" alt=\"\" srcset=\"https:\/\/www.diocesigorizia.it\/caritas\/wp-content\/uploads\/sites\/2\/2023\/06\/IMG-20230605-WA0001-300x246.jpg 300w, https:\/\/www.diocesigorizia.it\/caritas\/wp-content\/uploads\/sites\/2\/2023\/06\/IMG-20230605-WA0001-1024x841.jpg 1024w, https:\/\/www.diocesigorizia.it\/caritas\/wp-content\/uploads\/sites\/2\/2023\/06\/IMG-20230605-WA0001-768x631.jpg 768w, https:\/\/www.diocesigorizia.it\/caritas\/wp-content\/uploads\/sites\/2\/2023\/06\/IMG-20230605-WA0001-600x493.jpg 600w, https:\/\/www.diocesigorizia.it\/caritas\/wp-content\/uploads\/sites\/2\/2023\/06\/IMG-20230605-WA0001-1200x986.jpg 1200w, https:\/\/www.diocesigorizia.it\/caritas\/wp-content\/uploads\/sites\/2\/2023\/06\/IMG-20230605-WA0001-800x657.jpg 800w, https:\/\/www.diocesigorizia.it\/caritas\/wp-content\/uploads\/sites\/2\/2023\/06\/IMG-20230605-WA0001.jpg 1500w\" sizes=\"(max-width: 300px) 100vw, 300px\" \/><\/a>\n\t\t\t<\/dt><\/dl><dl class='gallery-item'>\n\t\t\t<dt class='gallery-icon portrait'>\n\t\t\t\t<a href='https:\/\/www.diocesigorizia.it\/caritas\/wp-content\/uploads\/sites\/2\/2023\/06\/IMG-20230605-WA0005.jpg' title=\"\" data-rl_title=\"\" class=\"rl-gallery-link\" data-rl_caption=\"\" data-rel=\"lightbox-gallery-1\"><img loading=\"lazy\" decoding=\"async\" width=\"225\" height=\"300\" src=\"https:\/\/www.diocesigorizia.it\/caritas\/wp-content\/uploads\/sites\/2\/2023\/06\/IMG-20230605-WA0005-225x300.jpg\" class=\"attachment-medium size-medium\" alt=\"\" srcset=\"https:\/\/www.diocesigorizia.it\/caritas\/wp-content\/uploads\/sites\/2\/2023\/06\/IMG-20230605-WA0005-225x300.jpg 225w, https:\/\/www.diocesigorizia.it\/caritas\/wp-content\/uploads\/sites\/2\/2023\/06\/IMG-20230605-WA0005-768x1024.jpg 768w, https:\/\/www.diocesigorizia.it\/caritas\/wp-content\/uploads\/sites\/2\/2023\/06\/IMG-20230605-WA0005-1152x1536.jpg 1152w, https:\/\/www.diocesigorizia.it\/caritas\/wp-content\/uploads\/sites\/2\/2023\/06\/IMG-20230605-WA0005-600x800.jpg 600w, https:\/\/www.diocesigorizia.it\/caritas\/wp-content\/uploads\/sites\/2\/2023\/06\/IMG-20230605-WA0005-1200x1600.jpg 1200w, https:\/\/www.diocesigorizia.it\/caritas\/wp-content\/uploads\/sites\/2\/2023\/06\/IMG-20230605-WA0005-800x1067.jpg 800w, https:\/\/www.diocesigorizia.it\/caritas\/wp-content\/uploads\/sites\/2\/2023\/06\/IMG-20230605-WA0005.jpg 1500w\" sizes=\"(max-width: 225px) 100vw, 225px\" \/><\/a>\n\t\t\t<\/dt><\/dl><dl class='gallery-item'>\n\t\t\t<dt class='gallery-icon portrait'>\n\t\t\t\t<a href='https:\/\/www.diocesigorizia.it\/caritas\/wp-content\/uploads\/sites\/2\/2023\/06\/IMG-20230605-WA0006.jpg' title=\"\" data-rl_title=\"\" class=\"rl-gallery-link\" data-rl_caption=\"\" data-rel=\"lightbox-gallery-1\"><img loading=\"lazy\" decoding=\"async\" width=\"225\" height=\"300\" src=\"https:\/\/www.diocesigorizia.it\/caritas\/wp-content\/uploads\/sites\/2\/2023\/06\/IMG-20230605-WA0006-225x300.jpg\" class=\"attachment-medium size-medium\" alt=\"\" srcset=\"https:\/\/www.diocesigorizia.it\/caritas\/wp-content\/uploads\/sites\/2\/2023\/06\/IMG-20230605-WA0006-225x300.jpg 225w, https:\/\/www.diocesigorizia.it\/caritas\/wp-content\/uploads\/sites\/2\/2023\/06\/IMG-20230605-WA0006-768x1024.jpg 768w, https:\/\/www.diocesigorizia.it\/caritas\/wp-content\/uploads\/sites\/2\/2023\/06\/IMG-20230605-WA0006-1152x1536.jpg 1152w, https:\/\/www.diocesigorizia.it\/caritas\/wp-content\/uploads\/sites\/2\/2023\/06\/IMG-20230605-WA0006-600x800.jpg 600w, https:\/\/www.diocesigorizia.it\/caritas\/wp-content\/uploads\/sites\/2\/2023\/06\/IMG-20230605-WA0006-1200x1600.jpg 1200w, https:\/\/www.diocesigorizia.it\/caritas\/wp-content\/uploads\/sites\/2\/2023\/06\/IMG-20230605-WA0006-800x1067.jpg 800w, https:\/\/www.diocesigorizia.it\/caritas\/wp-content\/uploads\/sites\/2\/2023\/06\/IMG-20230605-WA0006.jpg 1500w\" sizes=\"(max-width: 225px) 100vw, 225px\" \/><\/a>\n\t\t\t<\/dt><\/dl><dl class='gallery-item'>\n\t\t\t<dt class='gallery-icon portrait'>\n\t\t\t\t<a href='https:\/\/www.diocesigorizia.it\/caritas\/wp-content\/uploads\/sites\/2\/2023\/06\/IMG-20230605-WA0007.jpg' title=\"\" data-rl_title=\"\" class=\"rl-gallery-link\" data-rl_caption=\"\" data-rel=\"lightbox-gallery-1\"><img loading=\"lazy\" decoding=\"async\" width=\"225\" height=\"300\" src=\"https:\/\/www.diocesigorizia.it\/caritas\/wp-content\/uploads\/sites\/2\/2023\/06\/IMG-20230605-WA0007-225x300.jpg\" class=\"attachment-medium size-medium\" alt=\"\" srcset=\"https:\/\/www.diocesigorizia.it\/caritas\/wp-content\/uploads\/sites\/2\/2023\/06\/IMG-20230605-WA0007-225x300.jpg 225w, https:\/\/www.diocesigorizia.it\/caritas\/wp-content\/uploads\/sites\/2\/2023\/06\/IMG-20230605-WA0007-768x1024.jpg 768w, https:\/\/www.diocesigorizia.it\/caritas\/wp-content\/uploads\/sites\/2\/2023\/06\/IMG-20230605-WA0007-1152x1536.jpg 1152w, https:\/\/www.diocesigorizia.it\/caritas\/wp-content\/uploads\/sites\/2\/2023\/06\/IMG-20230605-WA0007-600x800.jpg 600w, https:\/\/www.diocesigorizia.it\/caritas\/wp-content\/uploads\/sites\/2\/2023\/06\/IMG-20230605-WA0007-1200x1600.jpg 1200w, https:\/\/www.diocesigorizia.it\/caritas\/wp-content\/uploads\/sites\/2\/2023\/06\/IMG-20230605-WA0007-800x1067.jpg 800w, https:\/\/www.diocesigorizia.it\/caritas\/wp-content\/uploads\/sites\/2\/2023\/06\/IMG-20230605-WA0007.jpg 1500w\" sizes=\"(max-width: 225px) 100vw, 225px\" \/><\/a>\n\t\t\t<\/dt><\/dl><br style=\"clear: both\" \/><dl class='gallery-item'>\n\t\t\t<dt class='gallery-icon landscape'>\n\t\t\t\t<a href='https:\/\/www.diocesigorizia.it\/caritas\/wp-content\/uploads\/sites\/2\/2023\/06\/IMG-20230605-WA0009.jpg' title=\"\" data-rl_title=\"\" class=\"rl-gallery-link\" data-rl_caption=\"\" data-rel=\"lightbox-gallery-1\"><img loading=\"lazy\" decoding=\"async\" width=\"300\" height=\"225\" src=\"https:\/\/www.diocesigorizia.it\/caritas\/wp-content\/uploads\/sites\/2\/2023\/06\/IMG-20230605-WA0009-300x225.jpg\" class=\"attachment-medium size-medium\" alt=\"\" srcset=\"https:\/\/www.diocesigorizia.it\/caritas\/wp-content\/uploads\/sites\/2\/2023\/06\/IMG-20230605-WA0009-300x225.jpg 300w, https:\/\/www.diocesigorizia.it\/caritas\/wp-content\/uploads\/sites\/2\/2023\/06\/IMG-20230605-WA0009-1024x768.jpg 1024w, https:\/\/www.diocesigorizia.it\/caritas\/wp-content\/uploads\/sites\/2\/2023\/06\/IMG-20230605-WA0009-768x576.jpg 768w, https:\/\/www.diocesigorizia.it\/caritas\/wp-content\/uploads\/sites\/2\/2023\/06\/IMG-20230605-WA0009-1536x1152.jpg 1536w, https:\/\/www.diocesigorizia.it\/caritas\/wp-content\/uploads\/sites\/2\/2023\/06\/IMG-20230605-WA0009-600x450.jpg 600w, https:\/\/www.diocesigorizia.it\/caritas\/wp-content\/uploads\/sites\/2\/2023\/06\/IMG-20230605-WA0009-1200x900.jpg 1200w, https:\/\/www.diocesigorizia.it\/caritas\/wp-content\/uploads\/sites\/2\/2023\/06\/IMG-20230605-WA0009-800x600.jpg 800w, https:\/\/www.diocesigorizia.it\/caritas\/wp-content\/uploads\/sites\/2\/2023\/06\/IMG-20230605-WA0009.jpg 2000w\" sizes=\"(max-width: 300px) 100vw, 300px\" \/><\/a>\n\t\t\t<\/dt><\/dl><dl class='gallery-item'>\n\t\t\t<dt class='gallery-icon landscape'>\n\t\t\t\t<a href='https:\/\/www.diocesigorizia.it\/caritas\/wp-content\/uploads\/sites\/2\/2023\/06\/IMG-20230605-WA0010.jpg' title=\"\" data-rl_title=\"\" class=\"rl-gallery-link\" data-rl_caption=\"\" data-rel=\"lightbox-gallery-1\"><img loading=\"lazy\" decoding=\"async\" width=\"300\" height=\"240\" src=\"https:\/\/www.diocesigorizia.it\/caritas\/wp-content\/uploads\/sites\/2\/2023\/06\/IMG-20230605-WA0010-300x240.jpg\" class=\"attachment-medium size-medium\" alt=\"\" srcset=\"https:\/\/www.diocesigorizia.it\/caritas\/wp-content\/uploads\/sites\/2\/2023\/06\/IMG-20230605-WA0010-300x240.jpg 300w, https:\/\/www.diocesigorizia.it\/caritas\/wp-content\/uploads\/sites\/2\/2023\/06\/IMG-20230605-WA0010-1024x819.jpg 1024w, https:\/\/www.diocesigorizia.it\/caritas\/wp-content\/uploads\/sites\/2\/2023\/06\/IMG-20230605-WA0010-768x615.jpg 768w, https:\/\/www.diocesigorizia.it\/caritas\/wp-content\/uploads\/sites\/2\/2023\/06\/IMG-20230605-WA0010-600x480.jpg 600w, https:\/\/www.diocesigorizia.it\/caritas\/wp-content\/uploads\/sites\/2\/2023\/06\/IMG-20230605-WA0010-1200x960.jpg 1200w, https:\/\/www.diocesigorizia.it\/caritas\/wp-content\/uploads\/sites\/2\/2023\/06\/IMG-20230605-WA0010-800x640.jpg 800w, https:\/\/www.diocesigorizia.it\/caritas\/wp-content\/uploads\/sites\/2\/2023\/06\/IMG-20230605-WA0010.jpg 1486w\" sizes=\"(max-width: 300px) 100vw, 300px\" \/><\/a>\n\t\t\t<\/dt><\/dl><dl class='gallery-item'>\n\t\t\t<dt class='gallery-icon portrait'>\n\t\t\t\t<a href='https:\/\/www.diocesigorizia.it\/caritas\/wp-content\/uploads\/sites\/2\/2023\/06\/IMG-20230605-WA0011.jpg' title=\"\" data-rl_title=\"\" class=\"rl-gallery-link\" data-rl_caption=\"\" data-rel=\"lightbox-gallery-1\"><img loading=\"lazy\" decoding=\"async\" width=\"225\" height=\"300\" src=\"https:\/\/www.diocesigorizia.it\/caritas\/wp-content\/uploads\/sites\/2\/2023\/06\/IMG-20230605-WA0011-225x300.jpg\" class=\"attachment-medium size-medium\" alt=\"\" srcset=\"https:\/\/www.diocesigorizia.it\/caritas\/wp-content\/uploads\/sites\/2\/2023\/06\/IMG-20230605-WA0011-225x300.jpg 225w, https:\/\/www.diocesigorizia.it\/caritas\/wp-content\/uploads\/sites\/2\/2023\/06\/IMG-20230605-WA0011-768x1024.jpg 768w, https:\/\/www.diocesigorizia.it\/caritas\/wp-content\/uploads\/sites\/2\/2023\/06\/IMG-20230605-WA0011-1152x1536.jpg 1152w, https:\/\/www.diocesigorizia.it\/caritas\/wp-content\/uploads\/sites\/2\/2023\/06\/IMG-20230605-WA0011-600x800.jpg 600w, https:\/\/www.diocesigorizia.it\/caritas\/wp-content\/uploads\/sites\/2\/2023\/06\/IMG-20230605-WA0011-1200x1600.jpg 1200w, https:\/\/www.diocesigorizia.it\/caritas\/wp-content\/uploads\/sites\/2\/2023\/06\/IMG-20230605-WA0011-800x1067.jpg 800w, https:\/\/www.diocesigorizia.it\/caritas\/wp-content\/uploads\/sites\/2\/2023\/06\/IMG-20230605-WA0011.jpg 1500w\" sizes=\"(max-width: 225px) 100vw, 225px\" \/><\/a>\n\t\t\t<\/dt><\/dl><dl class='gallery-item'>\n\t\t\t<dt class='gallery-icon portrait'>\n\t\t\t\t<a href='https:\/\/www.diocesigorizia.it\/caritas\/wp-content\/uploads\/sites\/2\/2023\/06\/IMG-20230605-WA0013.jpg' title=\"\" data-rl_title=\"\" class=\"rl-gallery-link\" data-rl_caption=\"\" data-rel=\"lightbox-gallery-1\"><img loading=\"lazy\" decoding=\"async\" width=\"225\" height=\"300\" src=\"https:\/\/www.diocesigorizia.it\/caritas\/wp-content\/uploads\/sites\/2\/2023\/06\/IMG-20230605-WA0013-225x300.jpg\" class=\"attachment-medium size-medium\" alt=\"\" srcset=\"https:\/\/www.diocesigorizia.it\/caritas\/wp-content\/uploads\/sites\/2\/2023\/06\/IMG-20230605-WA0013-225x300.jpg 225w, https:\/\/www.diocesigorizia.it\/caritas\/wp-content\/uploads\/sites\/2\/2023\/06\/IMG-20230605-WA0013-768x1024.jpg 768w, https:\/\/www.diocesigorizia.it\/caritas\/wp-content\/uploads\/sites\/2\/2023\/06\/IMG-20230605-WA0013-1152x1536.jpg 1152w, https:\/\/www.diocesigorizia.it\/caritas\/wp-content\/uploads\/sites\/2\/2023\/06\/IMG-20230605-WA0013-600x800.jpg 600w, https:\/\/www.diocesigorizia.it\/caritas\/wp-content\/uploads\/sites\/2\/2023\/06\/IMG-20230605-WA0013-1200x1600.jpg 1200w, https:\/\/www.diocesigorizia.it\/caritas\/wp-content\/uploads\/sites\/2\/2023\/06\/IMG-20230605-WA0013-800x1067.jpg 800w, https:\/\/www.diocesigorizia.it\/caritas\/wp-content\/uploads\/sites\/2\/2023\/06\/IMG-20230605-WA0013.jpg 1500w\" sizes=\"(max-width: 225px) 100vw, 225px\" \/><\/a>\n\t\t\t<\/dt><\/dl><br style=\"clear: both\" \/><dl class='gallery-item'>\n\t\t\t<dt class='gallery-icon landscape'>\n\t\t\t\t<a href='https:\/\/www.diocesigorizia.it\/caritas\/wp-content\/uploads\/sites\/2\/2023\/06\/IMG-20230605-WA0016.jpg' title=\"\" data-rl_title=\"\" class=\"rl-gallery-link\" data-rl_caption=\"\" data-rel=\"lightbox-gallery-1\"><img loading=\"lazy\" decoding=\"async\" width=\"300\" height=\"225\" src=\"https:\/\/www.diocesigorizia.it\/caritas\/wp-content\/uploads\/sites\/2\/2023\/06\/IMG-20230605-WA0016-300x225.jpg\" class=\"attachment-medium size-medium\" alt=\"\" srcset=\"https:\/\/www.diocesigorizia.it\/caritas\/wp-content\/uploads\/sites\/2\/2023\/06\/IMG-20230605-WA0016-300x225.jpg 300w, https:\/\/www.diocesigorizia.it\/caritas\/wp-content\/uploads\/sites\/2\/2023\/06\/IMG-20230605-WA0016-1024x768.jpg 1024w, https:\/\/www.diocesigorizia.it\/caritas\/wp-content\/uploads\/sites\/2\/2023\/06\/IMG-20230605-WA0016-768x576.jpg 768w, https:\/\/www.diocesigorizia.it\/caritas\/wp-content\/uploads\/sites\/2\/2023\/06\/IMG-20230605-WA0016-1536x1152.jpg 1536w, https:\/\/www.diocesigorizia.it\/caritas\/wp-content\/uploads\/sites\/2\/2023\/06\/IMG-20230605-WA0016-600x450.jpg 600w, https:\/\/www.diocesigorizia.it\/caritas\/wp-content\/uploads\/sites\/2\/2023\/06\/IMG-20230605-WA0016-1200x900.jpg 1200w, https:\/\/www.diocesigorizia.it\/caritas\/wp-content\/uploads\/sites\/2\/2023\/06\/IMG-20230605-WA0016-800x600.jpg 800w, https:\/\/www.diocesigorizia.it\/caritas\/wp-content\/uploads\/sites\/2\/2023\/06\/IMG-20230605-WA0016.jpg 1600w\" sizes=\"(max-width: 300px) 100vw, 300px\" \/><\/a>\n\t\t\t<\/dt><\/dl><dl class='gallery-item'>\n\t\t\t<dt class='gallery-icon landscape'>\n\t\t\t\t<a href='https:\/\/www.diocesigorizia.it\/caritas\/wp-content\/uploads\/sites\/2\/2023\/06\/IMG-20230605-WA0014.jpg' title=\"\" data-rl_title=\"\" class=\"rl-gallery-link\" data-rl_caption=\"\" data-rel=\"lightbox-gallery-1\"><img loading=\"lazy\" decoding=\"async\" width=\"300\" height=\"225\" src=\"https:\/\/www.diocesigorizia.it\/caritas\/wp-content\/uploads\/sites\/2\/2023\/06\/IMG-20230605-WA0014-300x225.jpg\" class=\"attachment-medium size-medium\" alt=\"\" srcset=\"https:\/\/www.diocesigorizia.it\/caritas\/wp-content\/uploads\/sites\/2\/2023\/06\/IMG-20230605-WA0014-300x225.jpg 300w, https:\/\/www.diocesigorizia.it\/caritas\/wp-content\/uploads\/sites\/2\/2023\/06\/IMG-20230605-WA0014-1024x768.jpg 1024w, https:\/\/www.diocesigorizia.it\/caritas\/wp-content\/uploads\/sites\/2\/2023\/06\/IMG-20230605-WA0014-768x576.jpg 768w, https:\/\/www.diocesigorizia.it\/caritas\/wp-content\/uploads\/sites\/2\/2023\/06\/IMG-20230605-WA0014-1536x1152.jpg 1536w, https:\/\/www.diocesigorizia.it\/caritas\/wp-content\/uploads\/sites\/2\/2023\/06\/IMG-20230605-WA0014-600x450.jpg 600w, https:\/\/www.diocesigorizia.it\/caritas\/wp-content\/uploads\/sites\/2\/2023\/06\/IMG-20230605-WA0014-1200x900.jpg 1200w, https:\/\/www.diocesigorizia.it\/caritas\/wp-content\/uploads\/sites\/2\/2023\/06\/IMG-20230605-WA0014-800x600.jpg 800w, https:\/\/www.diocesigorizia.it\/caritas\/wp-content\/uploads\/sites\/2\/2023\/06\/IMG-20230605-WA0014.jpg 2000w\" sizes=\"(max-width: 300px) 100vw, 300px\" \/><\/a>\n\t\t\t<\/dt><\/dl><dl class='gallery-item'>\n\t\t\t<dt class='gallery-icon landscape'>\n\t\t\t\t<a href='https:\/\/www.diocesigorizia.it\/caritas\/wp-content\/uploads\/sites\/2\/2023\/06\/IMG-20230605-WA0004.jpg' title=\"\" data-rl_title=\"\" class=\"rl-gallery-link\" data-rl_caption=\"\" data-rel=\"lightbox-gallery-1\"><img loading=\"lazy\" decoding=\"async\" width=\"300\" height=\"225\" src=\"https:\/\/www.diocesigorizia.it\/caritas\/wp-content\/uploads\/sites\/2\/2023\/06\/IMG-20230605-WA0004-300x225.jpg\" class=\"attachment-medium size-medium\" alt=\"\" srcset=\"https:\/\/www.diocesigorizia.it\/caritas\/wp-content\/uploads\/sites\/2\/2023\/06\/IMG-20230605-WA0004-300x225.jpg 300w, https:\/\/www.diocesigorizia.it\/caritas\/wp-content\/uploads\/sites\/2\/2023\/06\/IMG-20230605-WA0004-1024x768.jpg 1024w, https:\/\/www.diocesigorizia.it\/caritas\/wp-content\/uploads\/sites\/2\/2023\/06\/IMG-20230605-WA0004-768x576.jpg 768w, https:\/\/www.diocesigorizia.it\/caritas\/wp-content\/uploads\/sites\/2\/2023\/06\/IMG-20230605-WA0004-1536x1152.jpg 1536w, https:\/\/www.diocesigorizia.it\/caritas\/wp-content\/uploads\/sites\/2\/2023\/06\/IMG-20230605-WA0004-600x450.jpg 600w, https:\/\/www.diocesigorizia.it\/caritas\/wp-content\/uploads\/sites\/2\/2023\/06\/IMG-20230605-WA0004-1200x900.jpg 1200w, https:\/\/www.diocesigorizia.it\/caritas\/wp-content\/uploads\/sites\/2\/2023\/06\/IMG-20230605-WA0004-800x600.jpg 800w, https:\/\/www.diocesigorizia.it\/caritas\/wp-content\/uploads\/sites\/2\/2023\/06\/IMG-20230605-WA0004.jpg 2000w\" sizes=\"(max-width: 300px) 100vw, 300px\" \/><\/a>\n\t\t\t<\/dt><\/dl><dl class='gallery-item'>\n\t\t\t<dt class='gallery-icon portrait'>\n\t\t\t\t<a href='https:\/\/www.diocesigorizia.it\/caritas\/wp-content\/uploads\/sites\/2\/2023\/06\/IMG-20230605-WA0002.jpg' title=\"\" data-rl_title=\"\" class=\"rl-gallery-link\" data-rl_caption=\"\" data-rel=\"lightbox-gallery-1\"><img loading=\"lazy\" decoding=\"async\" width=\"225\" height=\"300\" src=\"https:\/\/www.diocesigorizia.it\/caritas\/wp-content\/uploads\/sites\/2\/2023\/06\/IMG-20230605-WA0002-225x300.jpg\" class=\"attachment-medium size-medium\" alt=\"\" srcset=\"https:\/\/www.diocesigorizia.it\/caritas\/wp-content\/uploads\/sites\/2\/2023\/06\/IMG-20230605-WA0002-225x300.jpg 225w, https:\/\/www.diocesigorizia.it\/caritas\/wp-content\/uploads\/sites\/2\/2023\/06\/IMG-20230605-WA0002-768x1024.jpg 768w, https:\/\/www.diocesigorizia.it\/caritas\/wp-content\/uploads\/sites\/2\/2023\/06\/IMG-20230605-WA0002-1152x1536.jpg 1152w, https:\/\/www.diocesigorizia.it\/caritas\/wp-content\/uploads\/sites\/2\/2023\/06\/IMG-20230605-WA0002-600x800.jpg 600w, https:\/\/www.diocesigorizia.it\/caritas\/wp-content\/uploads\/sites\/2\/2023\/06\/IMG-20230605-WA0002-1200x1600.jpg 1200w, https:\/\/www.diocesigorizia.it\/caritas\/wp-content\/uploads\/sites\/2\/2023\/06\/IMG-20230605-WA0002-800x1067.jpg 800w, https:\/\/www.diocesigorizia.it\/caritas\/wp-content\/uploads\/sites\/2\/2023\/06\/IMG-20230605-WA0002.jpg 1500w\" sizes=\"(max-width: 225px) 100vw, 225px\" \/><\/a>\n\t\t\t<\/dt><\/dl><br style=\"clear: both\" \/>\n\t\t<\/div>\n\n<p><em>(Articolo da &#8220;Voce Isontina&#8221; n. 23 del 10 giugno 2023 &#8211; Rubrica &#8220;Gocce di Carit\u00e0&#8221;, a cura della Caritas diocesana di Gorizia)<\/em><\/p>\n","protected":false},"excerpt":{"rendered":"<p>A Gorizia, presso la parrocchia di San Giuseppe artigiano, si \u00e8 svolta la scorsa domenica 4 giugno la &#8220;Festa di Primavera&#8221;, un momento di ritrovo, di spensieratezza, di gioco, di scambio e condivisione tra le famiglie ucraine presenti sul territorio, ospiti nel sistema di protezione internazionale, e le famiglie italiane che qui vivono da sempre. Un momento di festa &#8211; promosso dalla Caritas diocesana di &hellip; <a href=\"https:\/\/www.diocesigorizia.it\/caritas\/riuscita-festa-di-primavera\/\" class=\"more-link\">Continua a leggere <span class=\"screen-reader-text\"><\/span> <span class=\"meta-nav\">&raquo;<\/span><\/a><\/p>\n","protected":false},"author":0,"featured_media":1535,"comment_status":"closed","ping_status":"closed","sticky":false,"template":"","format":"standard","meta":{"_acf_changed":false,"ip_address":"","user_agent":"","level":"","revision":"","cookie_id":"","page_referer":"","html_form":"","footnotes":""},"categories":[62,7,4,5],"tags":[181,247,67,262,260,117],"acf":[],"_links":{"self":[{"href":"https:\/\/www.diocesigorizia.it\/caritas\/wp-json\/wp\/v2\/posts\/1534"}],"collection":[{"href":"https:\/\/www.diocesigorizia.it\/caritas\/wp-json\/wp\/v2\/posts"}],"about":[{"href":"https:\/\/www.diocesigorizia.it\/caritas\/wp-json\/wp\/v2\/types\/post"}],"author":[{"embeddable":true,"href":"https:\/\/www.diocesigorizia.it\/caritas\/wp-json\/wp\/v2\/users\/15"}],"replies":[{"embeddable":true,"href":"https:\/\/www.diocesigorizia.it\/caritas\/wp-json\/wp\/v2\/comments?post=1534"}],"version-history":[{"count":3,"href":"https:\/\/www.diocesigorizia.it\/caritas\/wp-json\/wp\/v2\/posts\/1534\/revisions"}],"predecessor-version":[{"id":1549,"href":"https:\/\/www.diocesigorizia.it\/caritas\/wp-json\/wp\/v2\/posts\/1534\/revisions\/1549"}],"wp:featuredmedia":[{"embeddable":true,"href":"https:\/\/www.diocesigorizia.it\/caritas\/wp-json\/wp\/v2\/media\/1535"}],"wp:attachment":[{"href":"https:\/\/www.diocesigorizia.it\/caritas\/wp-json\/wp\/v2\/media?parent=1534"}],"wp:term":[{"taxonomy":"category","embeddable":true,"href":"https:\/\/www.diocesigorizia.it\/caritas\/wp-json\/wp\/v2\/categories?post=1534"},{"taxonomy":"post_tag","embeddable":true,"href":"https:\/\/www.diocesigorizia.it\/caritas\/wp-json\/wp\/v2\/tags?post=1534"}],"curies":[{"name":"wp","href":"https:\/\/api.w.org\/{rel}","templated":true}]}}