{"id":1521,"date":"2023-05-24T11:45:27","date_gmt":"2023-05-24T09:45:27","guid":{"rendered":"http:\/\/www.diocesigorizia.it\/caritas\/?p=1521"},"modified":"2023-05-24T11:45:27","modified_gmt":"2023-05-24T09:45:27","slug":"donare-una-gioia-ineguagliabile","status":"publish","type":"post","link":"https:\/\/www.diocesigorizia.it\/caritas\/donare-una-gioia-ineguagliabile\/","title":{"rendered":"&#8220;Donare: una gioia ineguagliabile&#8221;"},"content":{"rendered":"<p style=\"margin: -20px 0px 30px 0px\">A Gorizia \u00e8 operativo l\u2019Emporio dell\u2019Infanzia, innovativa iniziativa di Caritas diocesana, sorta dal proficuo scambio di buone prassi con l\u2019Humanitarno Drustvo Kid, che propone una simile realt\u00e0 nella cittadina slovena. Ispirandosi a quest\u2019esperienza positiva, Carits diocesana ha dato vita a un servizio che desidera rispondere alle necessit\u00e0 di tante famiglie con bambini che si trovano in una situazione di difficolt\u00e0 per quanto riguarda l\u2019acquisto di abbigliamento e materiali per i primi anni di vita.<br \/>\nAll\u2019Emporio dell\u2019Infanzia prestano il proprio servizio una quindicina di volontarie: sono mamme che aiutano mamme, donne che aiutano altre donne, famiglie che aiutano famiglie.<br \/>\nAbbiamo incontrato Aurora e Chiara e ci siamo fatte raccontare la propria esperienza di volontariato.<\/p>\n<p><strong>Aurora, Chiara, raccontateci qualcosa su di voi e sulle vostre esperienze nel mondo del volontariato.<\/strong><\/p>\n<p>Aurora: io sono un\u2019insegnante di scuola secondaria di primo grado. Quand\u2019ero ragazza ho fatto delle esperienze di volontariato con gli Scout; per un periodo poi non ho pi\u00f9 svolto servizio, fino al 2020, quando sono stata coinvolta qui, all\u2019Emporio dell\u2019Infanzia, attraverso un\u2019amica che conosceva il progetto, da poco avviato. Sapevo che in quel momento stavano cercando dei volontari, avevano bisogno di una mano. L\u2019attivit\u00e0 mi \u00e8 sembrata da subito interessante e cos\u00ec ho scelto di farmi avanti; mi piaceva l\u2019idea di ricominciare il volontariato proprio da qui.<br \/>\nChiara: Io sono impiegata in un ente pubblico; anch\u2019io come Aurora ho svolto attivit\u00e0 di volontariato da ragazza negli Scout ma poi tra vicende della vita, famiglia e figli non ho svolto attivit\u00e0. Adesso mi sono &#8220;reinvestita&#8221; nuovamente e ho ripreso qui all\u2019Emporio, poco dopo la sua apertura, avvenuta a fine 2020, sempre coinvolta da quest\u2019amica comune e anche da Aurora.<br \/>\nPer me, il pensiero che dei bambini siano senza nulla, che debbano avere bisogno di tutto ci\u00f2 che per altri bambini \u00e8 quasi scontato, mi ha fatto stringere il cuore; essendo io mamma ho pensato tanto a queste creature. A dire la verit\u00e0 in quel momento non era nei miei pensieri tornare a fare volontariato ma quand\u2019ho saputo di questo nuovo progetto lanciato da Caritas diocesana, ho sentito che era la cosa giusta da fare.<\/p>\n<p><strong><img loading=\"lazy\" decoding=\"async\" class=\"size-medium wp-image-1524 alignright\" src=\"http:\/\/www.diocesigorizia.it\/caritas\/wp-content\/uploads\/sites\/2\/2023\/05\/20230509_160352-300x225.jpg\" alt=\"\" width=\"300\" height=\"225\" srcset=\"https:\/\/www.diocesigorizia.it\/caritas\/wp-content\/uploads\/sites\/2\/2023\/05\/20230509_160352-300x225.jpg 300w, https:\/\/www.diocesigorizia.it\/caritas\/wp-content\/uploads\/sites\/2\/2023\/05\/20230509_160352-1024x768.jpg 1024w, https:\/\/www.diocesigorizia.it\/caritas\/wp-content\/uploads\/sites\/2\/2023\/05\/20230509_160352-768x576.jpg 768w, https:\/\/www.diocesigorizia.it\/caritas\/wp-content\/uploads\/sites\/2\/2023\/05\/20230509_160352-1536x1152.jpg 1536w, https:\/\/www.diocesigorizia.it\/caritas\/wp-content\/uploads\/sites\/2\/2023\/05\/20230509_160352-2048x1536.jpg 2048w, https:\/\/www.diocesigorizia.it\/caritas\/wp-content\/uploads\/sites\/2\/2023\/05\/20230509_160352-600x450.jpg 600w, https:\/\/www.diocesigorizia.it\/caritas\/wp-content\/uploads\/sites\/2\/2023\/05\/20230509_160352-1200x900.jpg 1200w, https:\/\/www.diocesigorizia.it\/caritas\/wp-content\/uploads\/sites\/2\/2023\/05\/20230509_160352-800x600.jpg 800w\" sizes=\"(max-width: 300px) 100vw, 300px\" \/>Voi seguite l\u2019Emporio dell\u2019Infanzia praticamente dai suoi esordi. Come avete visto progredire, maturare, questo servizio?<\/strong><\/p>\n<p>Chiara: Sicuramente nel tempo c\u2019\u00e8 stata una crescita nei numeri delle volontarie che prestano servizio. Come opera poi, certamente \u00e8 pi\u00f9 conosciuto ora rispetto al suo avvio e noi volontarie abbiamo compreso, interiorizzato, il giusto modo di rapportarci con queste persone, che hanno una grande dignit\u00e0 che va protetta, rispettata e valorizzata.<br \/>\nAurora: I compiti di noi volontarie non sono mutati in questo periodo, certamente invece il servizio \u00e8 pi\u00f9 conosciuto. Tuttavia non dobbiamo dimenticare che il periodo pandemico ha inciso tantissimo, abbiamo dovuto spesso rispettare le chiusure imposte dalle linee guida ministeriali. Guardando per\u00f2 ai numeri delle tessere, certamente c\u2019\u00e8 stata una crescita e una maggiore diffusione nella conoscenza di questo servizio.<\/p>\n<p><strong>Come si attestano gli accessi settimanali al servizio?<\/strong><\/p>\n<p>Aurora: Ogni settimana si presentano una decina di famiglie e ogni famiglia ha pi\u00f9 figli &#8211; si arriva tranquillamente anche a 3 o 4 -.<br \/>\nIn questo momento contiamo circa 150 tessere attive e in queste sono comprese anche le schede che sono state attivate per le famiglie ucraine accolte in diocesi in seguito allo scoppio del conflitto e che hanno bisogno di sostegno per il vestiario dei propri bambini e ragazzini.<br \/>\nOgni famiglia pu\u00f2 far accesso all\u2019Emporio una volta ogni due mesi; siamo consapevoli per\u00f2 che i bambini non guardano il calendario nella loro crescita e, in caso di necessit\u00e0, non siamo cos\u00ec rigide e possiamo anticipare un pochino l\u2019accesso successivo, soprattutto se devono, per esempio, cambiare le scarpe o se i vestiti iniziano ad essere ormai corti o stretti.<br \/>\nA volte poi alcune mamme vengono per riportare i vestiti ancora in buone condizioni ma che ai loro bambini non vanno pi\u00f9 bene: si crea cos\u00ec un circolo fruttuoso, una catena di aiuto tra mamme e tra famiglie, che prosegue davvero in maniera spontanea e gentile.<\/p>\n<p><strong>Come si svolge il &#8220;pomeriggio tipo&#8221; di una volontaria qui all\u2019Emporio dell\u2019Infanzia?<\/strong><\/p>\n<p>Aurora: Noi volontarie siamo quasi sempre presenti in 3 per ogni giornata di apertura.<br \/>\nIl servizio inizia alle 16 e vede due volontarie al bancone per la distribuzione del vestiario, ci si d\u00e0 una mano anche per annotare sulle schede personali dei nostri utenti i capi che vengono distribuiti; la terza volontaria si occupa del ritiro del vestiario che arriva dalle donazioni &#8211; che possono essere effettuate nella stessa giornata di apertura &#8211; e alla sistemazione di queste, nonch\u00e9 della sistemazione del magazzino e degli scaffali d\u2019esposizione.<br \/>\nChiara: A volte, quando ci sono per esempio i periodi del cambio di stagione, pu\u00f2 capitare che noi volontarie veniamo magari una volta in pi\u00f9 lungo la settimana a sistemare il magazzino, che si trova negli spazi sottostanti l\u2019Emporio; sistemare tutto in una sola giornata sarebbe pressocch\u00e9 impossibile. Facciamo il &#8220;cambio degli armadi&#8221; ma \u00e8 un &#8220;armadio&#8221; davvero grande! (ridono entrambe n.d.r).<\/p>\n<p><strong>Voi qui vedete ogni settimana tanti volti, tante storie. C\u2019\u00e8 qualcuna che vi \u00e8 rimasta particolarmente impressa, qualche particolare che porterete con voi tra i ricordi?<img loading=\"lazy\" decoding=\"async\" class=\"size-medium wp-image-1523 alignleft\" src=\"http:\/\/www.diocesigorizia.it\/caritas\/wp-content\/uploads\/sites\/2\/2023\/05\/20230509_160322-300x225.jpg\" alt=\"\" width=\"300\" height=\"225\" srcset=\"https:\/\/www.diocesigorizia.it\/caritas\/wp-content\/uploads\/sites\/2\/2023\/05\/20230509_160322-300x225.jpg 300w, https:\/\/www.diocesigorizia.it\/caritas\/wp-content\/uploads\/sites\/2\/2023\/05\/20230509_160322-1024x768.jpg 1024w, https:\/\/www.diocesigorizia.it\/caritas\/wp-content\/uploads\/sites\/2\/2023\/05\/20230509_160322-768x576.jpg 768w, https:\/\/www.diocesigorizia.it\/caritas\/wp-content\/uploads\/sites\/2\/2023\/05\/20230509_160322-1536x1152.jpg 1536w, https:\/\/www.diocesigorizia.it\/caritas\/wp-content\/uploads\/sites\/2\/2023\/05\/20230509_160322-2048x1536.jpg 2048w, https:\/\/www.diocesigorizia.it\/caritas\/wp-content\/uploads\/sites\/2\/2023\/05\/20230509_160322-600x450.jpg 600w, https:\/\/www.diocesigorizia.it\/caritas\/wp-content\/uploads\/sites\/2\/2023\/05\/20230509_160322-1200x900.jpg 1200w, https:\/\/www.diocesigorizia.it\/caritas\/wp-content\/uploads\/sites\/2\/2023\/05\/20230509_160322-800x600.jpg 800w\" sizes=\"(max-width: 300px) 100vw, 300px\" \/><\/strong><\/p>\n<p>Chiara: Va detto che loro non ci parlano molto, sono in genere molto riservate, ed \u00e8 giusto cos\u00ec. Per\u00f2 tra le cose belle che certamente rimarranno con me, ci sono i sorrisi dei bambini, che veramente ti riempiono il cuore.<br \/>\nDevo poi dire che sono rimasta molto colpita dall\u2019arrivo delle donne dall\u2019Ucraina, con i loro bambini; \u00e8 stata un\u2019esperienza di forte impatto. Chi traduceva per loro ci raccontava che erano scappate con poche cose, che il marito, il fratello, parenti stretti, erano stati chiamati sui luoghi di combattimento&#8230;<br \/>\nAurora: Oltre alla riservatezza di queste persone, c\u2019\u00e8 da dire inoltre che spesso \u00e8 presente anche l\u2019ostacolo rappresentato dalla lingua: diverse parlano poco l\u2019Italiano, o non lo parlano proprio &#8211; non \u00e8 infrequente infatti che vengano accompagnate da un\u2019amica che conosce la lingua o che i figli facciano da mediatori -.<br \/>\nTra le cose che mi hanno colpita in maniera positiva, ci sono le tante persone che donano cose proprio nuove, provenienti spesso dai negozi della zona, cos\u00ec come persone che hanno volutamente comprato indumenti; ricorder\u00f2 sempre con affetto una signora senza figli che, per rispondere a un nostro appello di ricerca di giubbotti per l\u2019inverno, compr\u00f2 appositamente alcuni giacconi pur di poterci donare qualcosa.<\/p>\n<p><strong>Da questo vostro &#8220;osservatorio&#8221; particolare, qual \u00e8 secondo voi lo &#8220;sguardo&#8221; di Gorizia? \u00c8 una citt\u00e0 che sa &#8220;guardare&#8221; alle difficolt\u00e0?<\/strong><\/p>\n<p>Aurora: Secondo me c\u2019\u00e8 chi si rende conto delle difficolt\u00e0 presenti, \u00e8 attento e fa magari del buon volontariato, cos\u00ec come c\u2019\u00e8 anche chi non se ne rende conto.<br \/>\nHo percepito inoltre una cosa: spesso la gente si ferma alla prima impressione, all\u2019apparenza. Vede magari i bambini di queste famiglie con abitini di buona fattura, a volte anche con capi di marca e pensa &#8220;ma allora se lo possono permettere, hanno i soldi&#8221;. Quando invece non sanno che quei capi sono di seconda mano, sono frutto di donazioni; certo tenuti bene e appunto alle volte anche di marca, ma sono indumenti che, senza l\u2019aiuto della Caritas diocesana e dell\u2019Emporio dell\u2019Infanzia quei bambini e quelle famiglie non avrebbero mai avuto, perch\u00e9 oltremodo fuori dalla loro possibilit\u00e0 economica.<br \/>\nLa gente spesso non si rende conto di questo e trae delle conclusioni affrettate e dettate solo appunto dall\u2019apparenza.<br \/>\nBasta guardare poi alle loro mamme, che spesso e volentieri indossano degli abiti vistosamente consumati, a volte nemmeno adeguati alla stagione in corso (ci \u00e8 capitato di vederne alcune con solo le ciabatte in pieno inverno).<br \/>\nChiara: Io mi sono resa conto che molte famiglie portano qui all\u2019Emporio le cose dei propri bambini &#8211; oltre ai vestiti arrivano anche libriccini, qualche giocattolo, peluches&#8230; &#8211; quindi vuol dire che la citt\u00e0 si rende conto che c\u2019\u00e8 effettivamente una necessit\u00e0. Penso quindi che Gorizia sia una comunit\u00e0 abbastanza attenta.<br \/>\nOvviamente, come dappertutto, ci sono anche i detrattori che devono sempre trovare &#8220;il pelo nell\u2019uovo&#8221; verso lo straniero, non rendendosi conto che queste sono persone che arrivano molto spesso da situazioni inumane presenti nel proprio Paese d\u2019origine e che qui cercano semplicemente una vita migliore di quella che si sono lasciati alle spalle, alla fine come hanno fatto moltissimi immigrati italiani nel dopoguerra.<\/p>\n<p><strong>Voi svolgete volontariato ormai gi\u00e0 da qualche tempo. Come consigliereste quest\u2019esperienza e perch\u00e9?<\/strong><\/p>\n<p>Chiara: Direi a tutti che tu vai a colmare i &#8220;buchi di tempo&#8221; con il volontariato, ma il volontariato colma tanti tuoi &#8220;buchi&#8221;.<br \/>\nIo dopo un turno qui vado a casa con negli occhi le immagini di tanti sguardi e i sorrisi di questi bambini; li ho aiutati ma sono loro che aiutano me: mi sembra di aver fatto qualcosa pi\u00f9 per me che per loro, \u00e8 qualcosa che ogni volta mi arricchisce dentro.<br \/>\nAurora: Condivido e posso esprimermi con un noto motto: &#8220;donare \u00e8 meglio che ricevere&#8221;, la gioia che si prova nel donare e nell\u2019aiutare \u00e8 ineguagliabile.<\/p>\n<p style=\"text-align: right\"><em>di Selina Trevisan<\/em><\/p>\n<p style=\"text-align: right\"><em>(intervista pubblicata su Voce Isontina all&#8217;interno della rubrica &#8220;Gocce di Carit\u00e0&#8221;, a cura della Caritas diocesana di Gorizia)<\/em><\/p>\n","protected":false},"excerpt":{"rendered":"<p>A Gorizia \u00e8 operativo l\u2019Emporio dell\u2019Infanzia, innovativa iniziativa di Caritas diocesana, sorta dal proficuo scambio di buone prassi con l\u2019Humanitarno Drustvo Kid, che propone una simile realt\u00e0 nella cittadina slovena. Ispirandosi a quest\u2019esperienza positiva, Carits diocesana ha dato vita a un servizio che desidera rispondere alle necessit\u00e0 di tante famiglie con bambini che si trovano in una situazione di difficolt\u00e0 per quanto riguarda l\u2019acquisto di &hellip; <a href=\"https:\/\/www.diocesigorizia.it\/caritas\/donare-una-gioia-ineguagliabile\/\" class=\"more-link\">Continua a leggere <span class=\"screen-reader-text\"><\/span> <span class=\"meta-nav\">&raquo;<\/span><\/a><\/p>\n","protected":false},"author":0,"featured_media":1522,"comment_status":"closed","ping_status":"closed","sticky":false,"template":"","format":"standard","meta":{"_acf_changed":false,"ip_address":"","user_agent":"","level":"","revision":"","cookie_id":"","page_referer":"","html_form":"","footnotes":""},"categories":[6,73,62,4,5],"tags":[74,8],"acf":[],"_links":{"self":[{"href":"https:\/\/www.diocesigorizia.it\/caritas\/wp-json\/wp\/v2\/posts\/1521"}],"collection":[{"href":"https:\/\/www.diocesigorizia.it\/caritas\/wp-json\/wp\/v2\/posts"}],"about":[{"href":"https:\/\/www.diocesigorizia.it\/caritas\/wp-json\/wp\/v2\/types\/post"}],"author":[{"embeddable":true,"href":"https:\/\/www.diocesigorizia.it\/caritas\/wp-json\/wp\/v2\/users\/15"}],"replies":[{"embeddable":true,"href":"https:\/\/www.diocesigorizia.it\/caritas\/wp-json\/wp\/v2\/comments?post=1521"}],"version-history":[{"count":4,"href":"https:\/\/www.diocesigorizia.it\/caritas\/wp-json\/wp\/v2\/posts\/1521\/revisions"}],"predecessor-version":[{"id":1528,"href":"https:\/\/www.diocesigorizia.it\/caritas\/wp-json\/wp\/v2\/posts\/1521\/revisions\/1528"}],"wp:featuredmedia":[{"embeddable":true,"href":"https:\/\/www.diocesigorizia.it\/caritas\/wp-json\/wp\/v2\/media\/1522"}],"wp:attachment":[{"href":"https:\/\/www.diocesigorizia.it\/caritas\/wp-json\/wp\/v2\/media?parent=1521"}],"wp:term":[{"taxonomy":"category","embeddable":true,"href":"https:\/\/www.diocesigorizia.it\/caritas\/wp-json\/wp\/v2\/categories?post=1521"},{"taxonomy":"post_tag","embeddable":true,"href":"https:\/\/www.diocesigorizia.it\/caritas\/wp-json\/wp\/v2\/tags?post=1521"}],"curies":[{"name":"wp","href":"https:\/\/api.w.org\/{rel}","templated":true}]}}