{"id":1502,"date":"2024-05-15T09:02:12","date_gmt":"2024-05-15T07:02:12","guid":{"rendered":"https:\/\/www.diocesigorizia.it\/caritas\/?p=1502"},"modified":"2024-05-14T14:02:00","modified_gmt":"2024-05-14T12:02:00","slug":"festaprimavera","status":"publish","type":"post","link":"https:\/\/www.diocesigorizia.it\/caritas\/festaprimavera\/","title":{"rendered":"Festa di primavera"},"content":{"rendered":"<p data-wp-editing=\"1\"><span style=\"font-size: 13.5pt;font-family: 'Arial',sans-serif\">Sono numerose le famiglie ucraine che a Gorizia hanno trovato accoglienza, rifugio e pace in seguito allo scoppio del conflitto nel lor<\/span><span style=\"font-size: 13.5pt;font-family: 'Arial',sans-serif\">o Paese.<img loading=\"lazy\" decoding=\"async\" class=\" wp-image-1989 alignright\" src=\"http:\/\/www.diocesigorizia.it\/caritas\/wp-content\/uploads\/sites\/2\/2023\/05\/festa-di-primavera-2024-212x300.jpg\" alt=\"\" width=\"477\" height=\"675\" srcset=\"https:\/\/www.diocesigorizia.it\/caritas\/wp-content\/uploads\/sites\/2\/2023\/05\/festa-di-primavera-2024-212x300.jpg 212w, https:\/\/www.diocesigorizia.it\/caritas\/wp-content\/uploads\/sites\/2\/2023\/05\/festa-di-primavera-2024-724x1024.jpg 724w, https:\/\/www.diocesigorizia.it\/caritas\/wp-content\/uploads\/sites\/2\/2023\/05\/festa-di-primavera-2024-768x1086.jpg 768w, https:\/\/www.diocesigorizia.it\/caritas\/wp-content\/uploads\/sites\/2\/2023\/05\/festa-di-primavera-2024-1086x1536.jpg 1086w, https:\/\/www.diocesigorizia.it\/caritas\/wp-content\/uploads\/sites\/2\/2023\/05\/festa-di-primavera-2024-600x849.jpg 600w, https:\/\/www.diocesigorizia.it\/caritas\/wp-content\/uploads\/sites\/2\/2023\/05\/festa-di-primavera-2024-1200x1697.jpg 1200w, https:\/\/www.diocesigorizia.it\/caritas\/wp-content\/uploads\/sites\/2\/2023\/05\/festa-di-primavera-2024-800x1132.jpg 800w, https:\/\/www.diocesigorizia.it\/caritas\/wp-content\/uploads\/sites\/2\/2023\/05\/festa-di-primavera-2024.jpg 1414w\" sizes=\"(max-width: 477px) 100vw, 477px\" \/><\/span><\/p>\n<p><span style=\"font-size: 13.5pt;font-family: 'Arial',sans-serif\">Sono passati ben due anni dal loro arrivo in citt\u00e0 ed hanno potuto cos\u00ec imparare l&#8217;italiano, conoscere il nostro territorio, mandare i propri figli a scuola&#8230; ma rimane ancora il grande desiderio di poter accrescere le loro amicizie e conoscere ulteriori famiglie locali: quale occasione migliore quindi se non un bel pomeriggio di festa da trascorrere insieme?<\/span><\/p>\n<p><span style=\"font-size: 13.5pt;font-family: 'Arial',sans-serif\">Divertimento, chiacchiere, conoscenza, qualche specialit\u00e0 culinaria e la possibilit\u00e0 di praticare l&#8217;italiano che hanno imparato a scuola: tutto questo si potr\u00e0 trovare nella <b>&#8220;Festa di Primavera&#8221;<\/b>, in programma <b>sabato 25 maggio 2024<\/b>, dalle <b>ore 15.30<\/b> presso la <b>parrocchia di Sant&#8217; Anna a Gorizia<\/b> (maggiori info nella locandina).<\/span><\/p>\n<p><b><span style=\"font-size: 13.5pt;font-family: 'Arial',sans-serif\">Le famiglie di Gorizia interessate possono dare la propria adesione scrivendo a <a href=\"mailto:promozionecaritas@caritasgorizia.it\"><span style=\"color: windowtext\">promozionecaritas@caritasgorizia.it<\/span><\/a> o chiamando lo 0481 525188 int.2 dalle ore 9.00 alle ore 15.00 dal luned\u00ec al venerd\u00ec entro il 21 maggio.<\/span><\/b><\/p>\n<p><span style=\"font-size: 13.5pt;font-family: 'Arial',sans-serif\">Chi desidera pu\u00f2 potare una merenda da condividere (le bevande saranno a cura dell&#8217;organizzazione).<\/span><\/p>\n<p><span style=\"font-size: 13.5pt;font-family: 'Arial',sans-serif\">Ringraziamo fin da subito la parrocchia di Sant&#8217;Anna e la Pastorale della Famiglia.<\/span><\/p>\n<p>&nbsp;<\/p>\n<p>&nbsp;<\/p>\n<p>&nbsp;<\/p>\n","protected":false},"excerpt":{"rendered":"<p>Sono numerose le famiglie ucraine che a Gorizia hanno trovato accoglienza, rifugio e pace in seguito allo scoppio del conflitto nel loro Paese. Sono passati ben due anni dal loro arrivo in citt\u00e0 ed hanno potuto cos\u00ec imparare l&#8217;italiano, conoscere il nostro territorio, mandare i propri figli a scuola&#8230; ma rimane ancora il grande desiderio di poter accrescere le loro amicizie e conoscere ulteriori famiglie &hellip; <a href=\"https:\/\/www.diocesigorizia.it\/caritas\/festaprimavera\/\" class=\"more-link\">Continua a leggere <span class=\"screen-reader-text\"><\/span> <span class=\"meta-nav\">&raquo;<\/span><\/a><\/p>\n","protected":false},"author":0,"featured_media":1517,"comment_status":"closed","ping_status":"closed","sticky":false,"template":"","format":"standard","meta":{"_acf_changed":false,"ip_address":"","user_agent":"","level":"","revision":"","cookie_id":"","page_referer":"","html_form":"","footnotes":""},"categories":[73,7,4],"tags":[247,123,262,260,261,117],"acf":[],"_links":{"self":[{"href":"https:\/\/www.diocesigorizia.it\/caritas\/wp-json\/wp\/v2\/posts\/1502"}],"collection":[{"href":"https:\/\/www.diocesigorizia.it\/caritas\/wp-json\/wp\/v2\/posts"}],"about":[{"href":"https:\/\/www.diocesigorizia.it\/caritas\/wp-json\/wp\/v2\/types\/post"}],"author":[{"embeddable":true,"href":"https:\/\/www.diocesigorizia.it\/caritas\/wp-json\/wp\/v2\/users\/13"}],"replies":[{"embeddable":true,"href":"https:\/\/www.diocesigorizia.it\/caritas\/wp-json\/wp\/v2\/comments?post=1502"}],"version-history":[{"count":11,"href":"https:\/\/www.diocesigorizia.it\/caritas\/wp-json\/wp\/v2\/posts\/1502\/revisions"}],"predecessor-version":[{"id":1991,"href":"https:\/\/www.diocesigorizia.it\/caritas\/wp-json\/wp\/v2\/posts\/1502\/revisions\/1991"}],"wp:featuredmedia":[{"embeddable":true,"href":"https:\/\/www.diocesigorizia.it\/caritas\/wp-json\/wp\/v2\/media\/1517"}],"wp:attachment":[{"href":"https:\/\/www.diocesigorizia.it\/caritas\/wp-json\/wp\/v2\/media?parent=1502"}],"wp:term":[{"taxonomy":"category","embeddable":true,"href":"https:\/\/www.diocesigorizia.it\/caritas\/wp-json\/wp\/v2\/categories?post=1502"},{"taxonomy":"post_tag","embeddable":true,"href":"https:\/\/www.diocesigorizia.it\/caritas\/wp-json\/wp\/v2\/tags?post=1502"}],"curies":[{"name":"wp","href":"https:\/\/api.w.org\/{rel}","templated":true}]}}